{"id":8844,"date":"2020-03-19T10:38:02","date_gmt":"2020-03-19T09:38:02","guid":{"rendered":"http:\/\/www.ukctuzla.ba\/ukctuzla\/?p=8844"},"modified":"2020-03-19T10:38:02","modified_gmt":"2020-03-19T09:38:02","slug":"the-premier-of-the-tuzla-canton-government-visited-clinical-center-tuzla","status":"publish","type":"post","link":"https:\/\/www.ukctuzla.ba\/ukctuzla\/?p=8844&lang=en","title":{"rendered":"The Premier of the Tuzla Canton Government visited Clinical Center Tuzla"},"content":{"rendered":"<p>The epidemiological situation and the Covid- 19 outbreak was the reason of the Premier of the Tuzla Canton Government Prof. Dr. Denijal Tulumovi\u0107 yesterday's visit to the University Clinical Center Tuzla.<\/p>\n<p>The director of University Clinical Center Tuzla Prof. Dr. Vahid Jusufovi\u0107 with his associate medical director Prof. Dr. \u0160ekib Umihani\u0107 talked with the Premier and addressed the situation related to the fast- moving epidemic.<\/p>\n<p>In the course of meeting, the Premier of the Tuzla Canton Government said that the Government has provided full support to the hospital management team, their efforts and activities taken in coordination with the TK Ministry of Health Crisis Headquarters on the effective infection prevention and measures to mitigate the impact of pandemic.<\/p>\n<p>Our director thanked to the Government for their continued support to the University Clinical Center Tuzla with aim to prevent the spread of Covid-19, and also mentioned coordinated measures to be carried out by health professionals in protection of population from infectious diseases, early detection of suspected cases, and construction of isolation facilities for infected patients.<\/p>\n","protected":false},"excerpt":{"rendered":"<p>The epidemiological situation and the Covid- 19 outbreak was the reason of the Premier of the Tuzla Canton Government Prof. Dr. Denijal Tulumovi\u0107 yesterday's visit to the University Clinical Center Tuzla. The director of University Clinical Center Tuzla Prof. Dr. Vahid Jusufovi\u0107 with his associate medical director Prof. Dr. \u0160ekib Umihani\u0107 talked with the Premier&hellip;<\/p>\n","protected":false},"author":3,"featured_media":8835,"comment_status":"closed","ping_status":"open","sticky":false,"template":"","format":"standard","meta":{"footnotes":""},"categories":[23],"tags":[],"class_list":["post-8844","post","type-post","status-publish","format-standard","has-post-thumbnail","hentry","category-uncategorized-en","category-23","description-off"],"_links":{"self":[{"href":"https:\/\/www.ukctuzla.ba\/ukctuzla\/index.php?rest_route=\/wp\/v2\/posts\/8844","targetHints":{"allow":["GET"]}}],"collection":[{"href":"https:\/\/www.ukctuzla.ba\/ukctuzla\/index.php?rest_route=\/wp\/v2\/posts"}],"about":[{"href":"https:\/\/www.ukctuzla.ba\/ukctuzla\/index.php?rest_route=\/wp\/v2\/types\/post"}],"author":[{"embeddable":true,"href":"https:\/\/www.ukctuzla.ba\/ukctuzla\/index.php?rest_route=\/wp\/v2\/users\/3"}],"replies":[{"embeddable":true,"href":"https:\/\/www.ukctuzla.ba\/ukctuzla\/index.php?rest_route=%2Fwp%2Fv2%2Fcomments&post=8844"}],"version-history":[{"count":1,"href":"https:\/\/www.ukctuzla.ba\/ukctuzla\/index.php?rest_route=\/wp\/v2\/posts\/8844\/revisions"}],"predecessor-version":[{"id":8845,"href":"https:\/\/www.ukctuzla.ba\/ukctuzla\/index.php?rest_route=\/wp\/v2\/posts\/8844\/revisions\/8845"}],"wp:featuredmedia":[{"embeddable":true,"href":"https:\/\/www.ukctuzla.ba\/ukctuzla\/index.php?rest_route=\/wp\/v2\/media\/8835"}],"wp:attachment":[{"href":"https:\/\/www.ukctuzla.ba\/ukctuzla\/index.php?rest_route=%2Fwp%2Fv2%2Fmedia&parent=8844"}],"wp:term":[{"taxonomy":"category","embeddable":true,"href":"https:\/\/www.ukctuzla.ba\/ukctuzla\/index.php?rest_route=%2Fwp%2Fv2%2Fcategories&post=8844"},{"taxonomy":"post_tag","embeddable":true,"href":"https:\/\/www.ukctuzla.ba\/ukctuzla\/index.php?rest_route=%2Fwp%2Fv2%2Ftags&post=8844"}],"curies":[{"name":"wp","href":"https:\/\/api.w.org\/{rel}","templated":true}]}}