{"id":9228,"date":"2020-06-05T13:37:17","date_gmt":"2020-06-05T12:37:17","guid":{"rendered":"http:\/\/www.ukctuzla.ba\/ukctuzla\/?p=9228"},"modified":"2020-06-05T13:47:04","modified_gmt":"2020-06-05T12:47:04","slug":"ambasador-sattler-univerzitetskom-klinickom-centru-tuzla-urucio-anestezioloski-aparat-i-zastitnu-medicinsku-opremu","status":"publish","type":"post","link":"https:\/\/www.ukctuzla.ba\/ukctuzla\/?p=9228&lang=bs","title":{"rendered":"Ambasador Sattler Univerzitetskom klini\u010dkom centru Tuzla uru\u010dio anesteziolo\u0161ki aparat i za\u0161titnu medicinsku opremu"},"content":{"rendered":"<p style=\"text-align: justify;\"><a href=\"https:\/\/www.ukctuzla.ba\/ukctuzla\/wp-content\/uploads\/2020\/06\/Donacija-EU-2562020-1.jpg\"><img loading=\"lazy\" decoding=\"async\" class=\"size-medium wp-image-9232 alignright\" src=\"https:\/\/www.ukctuzla.ba\/ukctuzla\/wp-content\/uploads\/2020\/06\/Donacija-EU-2562020-1-300x199.jpg\" alt=\"\" width=\"300\" height=\"199\" srcset=\"https:\/\/www.ukctuzla.ba\/ukctuzla\/wp-content\/uploads\/2020\/06\/Donacija-EU-2562020-1-300x199.jpg 300w, https:\/\/www.ukctuzla.ba\/ukctuzla\/wp-content\/uploads\/2020\/06\/Donacija-EU-2562020-1-768x510.jpg 768w, https:\/\/www.ukctuzla.ba\/ukctuzla\/wp-content\/uploads\/2020\/06\/Donacija-EU-2562020-1-1024x680.jpg 1024w, https:\/\/www.ukctuzla.ba\/ukctuzla\/wp-content\/uploads\/2020\/06\/Donacija-EU-2562020-1.jpg 1600w\" sizes=\"auto, (max-width: 300px) 100vw, 300px\" \/><\/a>U sklopu podr\u0161ke Evropske unije u borbi protiv korona virusa u Bosni i Hercegovini, \u0161ef Delegacije Evropske unije u BiH i specijalni predstavnik EU ambasador Johann Sattler Univerzitetskom klini\u010dkom centru Tuzla uru\u010dio je anesteziolo\u0161ki aparat i zna\u010dajne koli\u010dine medicinske opreme.<\/p>\n<p style=\"text-align: justify;\">Ambasador Johann Sattler je istakao da je Evropska unija u mnogim prilikama pokazala solidarnost prema Bosni i Hercegovini. \u201eEvropska unija je najlojalniji partner ove zemlje i njenih gra\u0111ana, bili smo tu i prije 5 godina kada su poplave pogodile ovu zemlju, a uz vas smo i u ovim vremenima tokom Covida-19.\u201c, rekao je ambasador Sattler i naglasio da je Tuzlanski kanton primjer kako se trebalo odnositi prema epidemiolo\u0161koj situaciji koja je bila uzrokovana Covidom-19. \u201eU Tuzlanskom kantonu su done\u0161ene prave odluke u pravo vrijeme i moram ista\u0107i da mi je veliko zadovoljstvo \u0161to sam danas u dru\u0161tvu ministrice \u010coli\u0107 i direktora Jusufovi\u0107a koji su kroz svoj primjer pokazali kako se upravlja u kriznim situacijama. Time su postali jedan od najuspje\u0161nijih primjera u Bosni i Hercegovini kako na pravi na\u010din upravljati Covid krizom&#8221;, rekao je u svojoj izjavi ambasador Johann Sattler.<\/p>\n<p style=\"text-align: justify;\">Donaciju je primio v. d. direktor Univerzitetskog klini\u010dkog centra Tuzla, prof. dr. Vahid Jusufovi\u0107 koji je istakao zahvalnost za uru\u010denu medicinsku opremu i istakao zna\u010daj anesteziolo\u0161kog aparata koji \u0107e doprinijeti boljem i lak\u0161em radu osoblja intenzivne njege i anestezije.<\/p>\n<p style=\"text-align: justify;\"><a href=\"https:\/\/www.ukctuzla.ba\/ukctuzla\/wp-content\/uploads\/2020\/06\/Donacija-EU-4562020-1.jpg\"><img loading=\"lazy\" decoding=\"async\" class=\"size-medium wp-image-9234 alignright\" src=\"https:\/\/www.ukctuzla.ba\/ukctuzla\/wp-content\/uploads\/2020\/06\/Donacija-EU-4562020-1-300x199.jpg\" alt=\"\" width=\"300\" height=\"199\" srcset=\"https:\/\/www.ukctuzla.ba\/ukctuzla\/wp-content\/uploads\/2020\/06\/Donacija-EU-4562020-1-300x199.jpg 300w, https:\/\/www.ukctuzla.ba\/ukctuzla\/wp-content\/uploads\/2020\/06\/Donacija-EU-4562020-1-768x510.jpg 768w, https:\/\/www.ukctuzla.ba\/ukctuzla\/wp-content\/uploads\/2020\/06\/Donacija-EU-4562020-1-1024x680.jpg 1024w, https:\/\/www.ukctuzla.ba\/ukctuzla\/wp-content\/uploads\/2020\/06\/Donacija-EU-4562020-1.jpg 1600w\" sizes=\"auto, (max-width: 300px) 100vw, 300px\" \/><\/a>\u201eRadi se o aparatu za op\u0161tu anesteziju, koji je ujedno i respirator i aparat za op\u0161tu anesteziju i koji po svom kvalitetu spada u sami vrh medicinske opreme. Tako\u0111er, u ovoj donaciji smo dobili i zna\u010dajnu koli\u010dinu medicinske za\u0161titne opreme. \u017delim uputiti veliku zahvalnost Evropskoj uniji na donaciji, ali i ambasadoru Satleru na li\u010dnom anga\u017emanu\u201c, rekao je u svom obra\u0107anju direktor Jusufovi\u0107.<\/p>\n<p style=\"text-align: justify;\">Na donaciji se zahvalila i ministrica zdravstva TK, Dajana \u010coli\u0107 koja je rekla da \u0107e donirani anesteziolo\u0161ki aparat i za\u0161titna medicinska oprema biti od velikog zna\u010daja u ovom periodu nestabilne epidemiolo\u0161ke situacije, ali i nakon prestanka epidemije.<\/p>\n<p style=\"text-align: justify;\">Nabavku medicinske opreme, u vrijednosti od 7 miliona eura, finansirala je Evropska unija u okviru programa pomo\u0107i BiH u borbi protiv koronavirusa, a isporuka prema medicinskim ustanovama na teritoriji cijele Bosne i Herzegovine vr\u0161i se u saradnji sa UNDP BiH.<\/p>\n","protected":false},"excerpt":{"rendered":"<p>U sklopu podr\u0161ke Evropske unije u borbi protiv korona virusa u Bosni i Hercegovini, \u0161ef Delegacije Evropske unije u BiH i specijalni predstavnik EU ambasador Johann Sattler Univerzitetskom klini\u010dkom centru Tuzla uru\u010dio je anesteziolo\u0161ki aparat i zna\u010dajne koli\u010dine medicinske opreme. Ambasador Johann Sattler je istakao da je Evropska unija u mnogim prilikama pokazala solidarnost prema&hellip;<\/p>\n","protected":false},"author":2,"featured_media":9229,"comment_status":"closed","ping_status":"open","sticky":false,"template":"","format":"standard","meta":{"footnotes":""},"categories":[11],"tags":[],"class_list":["post-9228","post","type-post","status-publish","format-standard","has-post-thumbnail","hentry","category-vijesti","category-11","description-off"],"_links":{"self":[{"href":"https:\/\/www.ukctuzla.ba\/ukctuzla\/index.php?rest_route=\/wp\/v2\/posts\/9228","targetHints":{"allow":["GET"]}}],"collection":[{"href":"https:\/\/www.ukctuzla.ba\/ukctuzla\/index.php?rest_route=\/wp\/v2\/posts"}],"about":[{"href":"https:\/\/www.ukctuzla.ba\/ukctuzla\/index.php?rest_route=\/wp\/v2\/types\/post"}],"author":[{"embeddable":true,"href":"https:\/\/www.ukctuzla.ba\/ukctuzla\/index.php?rest_route=\/wp\/v2\/users\/2"}],"replies":[{"embeddable":true,"href":"https:\/\/www.ukctuzla.ba\/ukctuzla\/index.php?rest_route=%2Fwp%2Fv2%2Fcomments&post=9228"}],"version-history":[{"count":4,"href":"https:\/\/www.ukctuzla.ba\/ukctuzla\/index.php?rest_route=\/wp\/v2\/posts\/9228\/revisions"}],"predecessor-version":[{"id":9235,"href":"https:\/\/www.ukctuzla.ba\/ukctuzla\/index.php?rest_route=\/wp\/v2\/posts\/9228\/revisions\/9235"}],"wp:featuredmedia":[{"embeddable":true,"href":"https:\/\/www.ukctuzla.ba\/ukctuzla\/index.php?rest_route=\/wp\/v2\/media\/9229"}],"wp:attachment":[{"href":"https:\/\/www.ukctuzla.ba\/ukctuzla\/index.php?rest_route=%2Fwp%2Fv2%2Fmedia&parent=9228"}],"wp:term":[{"taxonomy":"category","embeddable":true,"href":"https:\/\/www.ukctuzla.ba\/ukctuzla\/index.php?rest_route=%2Fwp%2Fv2%2Fcategories&post=9228"},{"taxonomy":"post_tag","embeddable":true,"href":"https:\/\/www.ukctuzla.ba\/ukctuzla\/index.php?rest_route=%2Fwp%2Fv2%2Ftags&post=9228"}],"curies":[{"name":"wp","href":"https:\/\/api.w.org\/{rel}","templated":true}]}}