{"id":9347,"date":"2020-07-03T13:59:40","date_gmt":"2020-07-03T12:59:40","guid":{"rendered":"http:\/\/www.ukctuzla.ba\/ukctuzla\/?p=9347"},"modified":"2020-07-03T14:03:27","modified_gmt":"2020-07-03T13:03:27","slug":"edukacija-specijalizanata-iz-oblasti-infektologije-2","status":"publish","type":"post","link":"https:\/\/www.ukctuzla.ba\/ukctuzla\/?p=9347&lang=bs","title":{"rendered":"Edukacija specijalizanata iz oblasti infektologije"},"content":{"rendered":"<p>U skladu sa preporukama za pandemiju SARS-CoV-2 u Univerzitetskom klini\u010dkom centru Tuzla, poduzete su mjere kako bi se osigurala blagovremena i adekvatna edukacija svih uposlenika iz oblasti vezanih za pandemiju.<\/p>\n<p>U organizaciji Sektora za nau\u010dno istra\u017eiva\u010dki rad i stru\u010dno usavr\u0161avanje, a u saradnji sa Klinikom za zarazne bolesti i Sektorom za higijensko-epidemiolo\u0161ki nadzor, za specijalizante koji u programu bazne specijalizacije imaju dio sta\u017ea iz infektologije, organizovana je edukacija na temu \u201eEdukacija specijalizanata iz oblasti infektologije sa fokusom na SARS -CoV-2\u201d.<br \/>\nPrema rije\u010dima v.d pomo\u0107nika direktora za nastavu i nau\u010dno- istra\u017eiva\u010dki rad prof. dr. med. sc. Ervina Alibegovi\u0107a edukaciju predvode vrsni stru\u010dnjaci iz najrelevajntnijih oblasti vezanih za ovu temu.<br \/>\nEdukacija za prvu grupu specijalizanata realizovana je tokom juna mjeseca, a za drugu grupu specijalizanata edukacija je zapo\u010dela 2. jula i trajat \u0107e do kraja mjeseca. Prisustvo edukaciji \u0107e biti bodovano od strane Ljekarske komore Tuzlanskog kantona.<\/p>\n","protected":false},"excerpt":{"rendered":"<p>U skladu sa preporukama za pandemiju SARS-CoV-2 u Univerzitetskom klini\u010dkom centru Tuzla, poduzete su mjere kako bi se osigurala blagovremena i adekvatna edukacija svih uposlenika iz oblasti vezanih za pandemiju. U organizaciji Sektora za nau\u010dno istra\u017eiva\u010dki rad i stru\u010dno usavr\u0161avanje, a u saradnji sa Klinikom za zarazne bolesti i Sektorom za higijensko-epidemiolo\u0161ki nadzor, za specijalizante&hellip;<\/p>\n","protected":false},"author":5,"featured_media":16294,"comment_status":"closed","ping_status":"open","sticky":false,"template":"","format":"standard","meta":{"footnotes":""},"categories":[11],"tags":[],"class_list":["post-9347","post","type-post","status-publish","format-standard","has-post-thumbnail","hentry","category-vijesti","category-11","description-off"],"_links":{"self":[{"href":"https:\/\/www.ukctuzla.ba\/ukctuzla\/index.php?rest_route=\/wp\/v2\/posts\/9347","targetHints":{"allow":["GET"]}}],"collection":[{"href":"https:\/\/www.ukctuzla.ba\/ukctuzla\/index.php?rest_route=\/wp\/v2\/posts"}],"about":[{"href":"https:\/\/www.ukctuzla.ba\/ukctuzla\/index.php?rest_route=\/wp\/v2\/types\/post"}],"author":[{"embeddable":true,"href":"https:\/\/www.ukctuzla.ba\/ukctuzla\/index.php?rest_route=\/wp\/v2\/users\/5"}],"replies":[{"embeddable":true,"href":"https:\/\/www.ukctuzla.ba\/ukctuzla\/index.php?rest_route=%2Fwp%2Fv2%2Fcomments&post=9347"}],"version-history":[{"count":1,"href":"https:\/\/www.ukctuzla.ba\/ukctuzla\/index.php?rest_route=\/wp\/v2\/posts\/9347\/revisions"}],"predecessor-version":[{"id":9349,"href":"https:\/\/www.ukctuzla.ba\/ukctuzla\/index.php?rest_route=\/wp\/v2\/posts\/9347\/revisions\/9349"}],"wp:featuredmedia":[{"embeddable":true,"href":"https:\/\/www.ukctuzla.ba\/ukctuzla\/index.php?rest_route=\/wp\/v2\/media\/16294"}],"wp:attachment":[{"href":"https:\/\/www.ukctuzla.ba\/ukctuzla\/index.php?rest_route=%2Fwp%2Fv2%2Fmedia&parent=9347"}],"wp:term":[{"taxonomy":"category","embeddable":true,"href":"https:\/\/www.ukctuzla.ba\/ukctuzla\/index.php?rest_route=%2Fwp%2Fv2%2Fcategories&post=9347"},{"taxonomy":"post_tag","embeddable":true,"href":"https:\/\/www.ukctuzla.ba\/ukctuzla\/index.php?rest_route=%2Fwp%2Fv2%2Ftags&post=9347"}],"curies":[{"name":"wp","href":"https:\/\/api.w.org\/{rel}","templated":true}]}}