{"id":9370,"date":"2020-07-10T11:51:41","date_gmt":"2020-07-10T10:51:41","guid":{"rendered":"http:\/\/www.ukctuzla.ba\/ukctuzla\/?p=9370"},"modified":"2020-07-10T11:53:51","modified_gmt":"2020-07-10T10:53:51","slug":"medicinski-tim-ukc-tuzla-otputovao-u-novi-pazar-kako-bi-pruzio-pomoc-u-borbi-protiv-covid-19","status":"publish","type":"post","link":"https:\/\/www.ukctuzla.ba\/ukctuzla\/?p=9370&lang=bs","title":{"rendered":"Medicinski tim UKC Tuzla otputovao u Novi Pazar kako bi pru\u017eio pomo\u0107 u borbi protiv COVID-19"},"content":{"rendered":"<p style=\"text-align: justify;\"><a href=\"https:\/\/www.ukctuzla.ba\/ukctuzla\/wp-content\/uploads\/2020\/07\/Ekipa-za-Sandzak1072020-1.jpg\"><img loading=\"lazy\" decoding=\"async\" class=\"size-medium wp-image-9373 alignright\" src=\"https:\/\/www.ukctuzla.ba\/ukctuzla\/wp-content\/uploads\/2020\/07\/Ekipa-za-Sandzak1072020-1-300x199.jpg\" alt=\"\" width=\"300\" height=\"199\" srcset=\"https:\/\/www.ukctuzla.ba\/ukctuzla\/wp-content\/uploads\/2020\/07\/Ekipa-za-Sandzak1072020-1-300x199.jpg 300w, https:\/\/www.ukctuzla.ba\/ukctuzla\/wp-content\/uploads\/2020\/07\/Ekipa-za-Sandzak1072020-1-768x510.jpg 768w, https:\/\/www.ukctuzla.ba\/ukctuzla\/wp-content\/uploads\/2020\/07\/Ekipa-za-Sandzak1072020-1-1024x680.jpg 1024w, https:\/\/www.ukctuzla.ba\/ukctuzla\/wp-content\/uploads\/2020\/07\/Ekipa-za-Sandzak1072020-1.jpg 1600w\" sizes=\"auto, (max-width: 300px) 100vw, 300px\" \/><\/a>Medicinski tim u kojem je 6 zaposlenika Univerzitetskog klini\u010dkog centra Tuzla jutros je krenuo za Novi Pazar kako bi pru\u017eio pomo\u0107 kolegama u borbi protiv koronavirusa. Tim u kojem se nalaze tri ljekara i tri diplomirana medicinska tehni\u010dara predvodi na\u010delnik Klinike za hirurgiju, prof. dr. med .sc. Zijah Rifatbegovi\u0107 i planirano je da u Novom Pazaru ostanu 14 dana koliko traje jedan inkubacioni ciklus.<\/p>\n<p>Prema rije\u010dima v. d. direktora Univerzitetskog klini\u010dkog centra Tuzla, prof. dr. med. sc.Vahida Jusufovi\u0107a, u ekipi koja ide za Novi Pazar su zdravstveni profesionalci razli\u010ditih specijalnosti koji imaju veliko radno iskustvo. &#8220;Dr. Samir Pi\u0161toljevi\u0107 je iz na\u0161eg Respiratornog centra i ima iskustvo sa lije\u010denjem pacijenata na respiratoru, kolega internista dr. Edin Ja\u0161arevi\u0107 ima dugogodi\u0161nje iskustvo iz oblasti interne medicine, a vo\u0111a tima, prof. dr. Zijah Rifatbegovi\u0107 je abdominalni i op\u0161ti hirurg, subspecijalista koji ima iskustvo u hirur\u0161kom lije\u010denju Covid pozitivnih pacijenata. Medicinski tehni\u010dari, Amir Bori\u0107, Boris Perki\u0107 i Jasmin Trumi\u0107 su diplomirani tehni\u010dari sa iskustvom u radu u Jedinicama intenzivne njege&#8221;, rekao je prof. dr. Jusufovi\u0107 i najavio da \u0107e, ako se uka\u017ee potreba, Univerzitetski klini\u010dki centar Tuzla nakon povratka ljekara i tehni\u010dara iz prvog tima poslati novu ekipu.<\/p>\n<p>Medicinski tim ljekara i tehni\u010dara ispratila je i ministrica zdravlja TK, Dajana \u010coli\u0107. &#8220;Mi smo prije desetak dana ponudili pomo\u0107 Sand\u017eaku, me\u0111utim zbog birokratskih razloga procedura oko dobijanja dozvole za rad je potrajala, tako da \u0107emo danas ispratiti na\u0161e kolege ljekare i medicinske tehni\u010dare koji idu da pru\u017ee pomo\u0107 narodu u Sand\u017eaku u borbi sa koronavirusom&#8221;.<\/p>\n<p>Prof. dr. med. sc. Zijah Rifatbegovi\u0107 je rekao da medicinski tim Univerzitetskog klini\u010dkog centra Tuzla sa sobom nosi odre\u0111enu koli\u010dinu za\u0161titne opreme i sanitetskog materijala. &#8220;Kada je hirurgija u pitanju nosimo sve ono \u0161to je neophodno za operacije u uslovima infekcije Covid-19, tako da vjerujem da \u0107emo se sa kapacitetima bolnice i kadrovskim rje\u0161enjima koje bolnica u Novom Pazaru ima i sa kolegama iz Sarajeva uklopit u jedan tim i pru\u017eiti svoj maksimum&#8221;, rekao je pred polazak prof. dr. Rifatbegovi\u0107.<\/p>\n","protected":false},"excerpt":{"rendered":"<p>Medicinski tim u kojem je 6 zaposlenika Univerzitetskog klini\u010dkog centra Tuzla jutros je krenuo za Novi Pazar kako bi pru\u017eio pomo\u0107 kolegama u borbi protiv koronavirusa. Tim u kojem se nalaze tri ljekara i tri diplomirana medicinska tehni\u010dara predvodi na\u010delnik Klinike za hirurgiju, prof. dr. med .sc. Zijah Rifatbegovi\u0107 i planirano je da u Novom&hellip;<\/p>\n","protected":false},"author":2,"featured_media":9371,"comment_status":"closed","ping_status":"open","sticky":false,"template":"","format":"standard","meta":{"footnotes":""},"categories":[11],"tags":[],"class_list":["post-9370","post","type-post","status-publish","format-standard","has-post-thumbnail","hentry","category-vijesti","category-11","description-off"],"_links":{"self":[{"href":"https:\/\/www.ukctuzla.ba\/ukctuzla\/index.php?rest_route=\/wp\/v2\/posts\/9370","targetHints":{"allow":["GET"]}}],"collection":[{"href":"https:\/\/www.ukctuzla.ba\/ukctuzla\/index.php?rest_route=\/wp\/v2\/posts"}],"about":[{"href":"https:\/\/www.ukctuzla.ba\/ukctuzla\/index.php?rest_route=\/wp\/v2\/types\/post"}],"author":[{"embeddable":true,"href":"https:\/\/www.ukctuzla.ba\/ukctuzla\/index.php?rest_route=\/wp\/v2\/users\/2"}],"replies":[{"embeddable":true,"href":"https:\/\/www.ukctuzla.ba\/ukctuzla\/index.php?rest_route=%2Fwp%2Fv2%2Fcomments&post=9370"}],"version-history":[{"count":2,"href":"https:\/\/www.ukctuzla.ba\/ukctuzla\/index.php?rest_route=\/wp\/v2\/posts\/9370\/revisions"}],"predecessor-version":[{"id":9374,"href":"https:\/\/www.ukctuzla.ba\/ukctuzla\/index.php?rest_route=\/wp\/v2\/posts\/9370\/revisions\/9374"}],"wp:featuredmedia":[{"embeddable":true,"href":"https:\/\/www.ukctuzla.ba\/ukctuzla\/index.php?rest_route=\/wp\/v2\/media\/9371"}],"wp:attachment":[{"href":"https:\/\/www.ukctuzla.ba\/ukctuzla\/index.php?rest_route=%2Fwp%2Fv2%2Fmedia&parent=9370"}],"wp:term":[{"taxonomy":"category","embeddable":true,"href":"https:\/\/www.ukctuzla.ba\/ukctuzla\/index.php?rest_route=%2Fwp%2Fv2%2Fcategories&post=9370"},{"taxonomy":"post_tag","embeddable":true,"href":"https:\/\/www.ukctuzla.ba\/ukctuzla\/index.php?rest_route=%2Fwp%2Fv2%2Ftags&post=9370"}],"curies":[{"name":"wp","href":"https:\/\/api.w.org\/{rel}","templated":true}]}}