{"id":9398,"date":"2020-07-15T13:15:26","date_gmt":"2020-07-15T12:15:26","guid":{"rendered":"http:\/\/www.ukctuzla.ba\/ukctuzla\/?p=9398"},"modified":"2020-07-15T13:16:21","modified_gmt":"2020-07-15T12:16:21","slug":"saopstenje-za-javnost-15","status":"publish","type":"post","link":"https:\/\/www.ukctuzla.ba\/ukctuzla\/?p=9398&lang=bs","title":{"rendered":"Saop\u0161tenje za javnost"},"content":{"rendered":"<p style=\"text-align: justify;\"><a href=\"https:\/\/www.ukctuzla.ba\/ukctuzla\/wp-content\/uploads\/2020\/07\/COVID-Bolnica-21472020-1.jpg\"><img loading=\"lazy\" decoding=\"async\" class=\"size-medium wp-image-9385 alignright\" src=\"https:\/\/www.ukctuzla.ba\/ukctuzla\/wp-content\/uploads\/2020\/07\/COVID-Bolnica-21472020-1-300x200.jpg\" alt=\"\" width=\"300\" height=\"200\" srcset=\"https:\/\/www.ukctuzla.ba\/ukctuzla\/wp-content\/uploads\/2020\/07\/COVID-Bolnica-21472020-1-300x200.jpg 300w, https:\/\/www.ukctuzla.ba\/ukctuzla\/wp-content\/uploads\/2020\/07\/COVID-Bolnica-21472020-1-768x511.jpg 768w, https:\/\/www.ukctuzla.ba\/ukctuzla\/wp-content\/uploads\/2020\/07\/COVID-Bolnica-21472020-1.jpg 1000w\" sizes=\"auto, (max-width: 300px) 100vw, 300px\" \/><\/a>Zbog pogor\u0161anja epidemiolo\u0161ke situacije u TK, te ve\u0107eg anga\u017emana zdravstvenih radnika na zbrinjavanju i lije\u010denju pacijenata zara\u017eenih Covid 19 infekcijom menad\u017ement Univerzitetskog klini\u010dkog centra Tuzla donio je odluku da od sutra, 16. jula 2020. godine zatvori ulaz i trija\u017eni punkt koji dolaze iz pravca Bulevara, stepeni\u0161tem do kompleksa UKC Tuzla.<\/p>\n<p style=\"text-align: justify;\">Za pacijente i osoblje UKC Tuzla i dalje \u0107e na raspolaganju biti trija\u017eni punkt za ulaz i izlaz na glavnoj kapiji, te izlaz ispred Klinike za interne bolesti.<\/p>\n<p style=\"text-align: justify;\">Specijalisti\u010dko konsultativne ambulante i dalje \u0107e raditi u vremenskom periodu od 8:00 do 20:00 sati, tako da \u0107e se zakazivanje pacijenata na prve postoperativne ili posthospitalne preglede vr\u0161iti u odgovaraju\u0107im terminima tokom cijelog dana.<\/p>\n<p style=\"text-align: justify;\">Upozoravamo pacijente da su u obavezi prilikom prolaska kroz trija\u017ene punktove na ulazu u UKC Tuzla imati odgovaraju\u0107u za\u0161titnu opremu (masku i rukavice), odr\u017eavati propisanu fizi\u010dke distancu gdje je to mogu\u0107e, kao i izbjegavati okupljanja u ve\u0107im grupama.<\/p>\n<p>Menad\u017ement UKC Tuzla \u0107e i dalje pratiti epidemiolo\u0161ku situaciju u TK i uz saglasnost Ministarstva zdravstva TK donositi naredne odluke.<\/p>\n<p>O\u010dekujemo razumijevanje od pacijenta kao i da se pridr\u017eavaju ovih odluka.<\/p>\n<p style=\"text-align: right;\">Javna zdravstvena ustanova<br \/>\nUniverzitetski klini\u010dki centar Tuzla<\/p>\n","protected":false},"excerpt":{"rendered":"<p>Zbog pogor\u0161anja epidemiolo\u0161ke situacije u TK, te ve\u0107eg anga\u017emana zdravstvenih radnika na zbrinjavanju i lije\u010denju pacijenata zara\u017eenih Covid 19 infekcijom menad\u017ement Univerzitetskog klini\u010dkog centra Tuzla donio je odluku da od sutra, 16. jula 2020. godine zatvori ulaz i trija\u017eni punkt koji dolaze iz pravca Bulevara, stepeni\u0161tem do kompleksa UKC Tuzla. Za pacijente i osoblje UKC&hellip;<\/p>\n","protected":false},"author":2,"featured_media":1791,"comment_status":"closed","ping_status":"open","sticky":false,"template":"","format":"standard","meta":{"footnotes":""},"categories":[11],"tags":[],"class_list":["post-9398","post","type-post","status-publish","format-standard","has-post-thumbnail","hentry","category-vijesti","category-11","description-off"],"_links":{"self":[{"href":"https:\/\/www.ukctuzla.ba\/ukctuzla\/index.php?rest_route=\/wp\/v2\/posts\/9398","targetHints":{"allow":["GET"]}}],"collection":[{"href":"https:\/\/www.ukctuzla.ba\/ukctuzla\/index.php?rest_route=\/wp\/v2\/posts"}],"about":[{"href":"https:\/\/www.ukctuzla.ba\/ukctuzla\/index.php?rest_route=\/wp\/v2\/types\/post"}],"author":[{"embeddable":true,"href":"https:\/\/www.ukctuzla.ba\/ukctuzla\/index.php?rest_route=\/wp\/v2\/users\/2"}],"replies":[{"embeddable":true,"href":"https:\/\/www.ukctuzla.ba\/ukctuzla\/index.php?rest_route=%2Fwp%2Fv2%2Fcomments&post=9398"}],"version-history":[{"count":2,"href":"https:\/\/www.ukctuzla.ba\/ukctuzla\/index.php?rest_route=\/wp\/v2\/posts\/9398\/revisions"}],"predecessor-version":[{"id":9400,"href":"https:\/\/www.ukctuzla.ba\/ukctuzla\/index.php?rest_route=\/wp\/v2\/posts\/9398\/revisions\/9400"}],"wp:featuredmedia":[{"embeddable":true,"href":"https:\/\/www.ukctuzla.ba\/ukctuzla\/index.php?rest_route=\/wp\/v2\/media\/1791"}],"wp:attachment":[{"href":"https:\/\/www.ukctuzla.ba\/ukctuzla\/index.php?rest_route=%2Fwp%2Fv2%2Fmedia&parent=9398"}],"wp:term":[{"taxonomy":"category","embeddable":true,"href":"https:\/\/www.ukctuzla.ba\/ukctuzla\/index.php?rest_route=%2Fwp%2Fv2%2Fcategories&post=9398"},{"taxonomy":"post_tag","embeddable":true,"href":"https:\/\/www.ukctuzla.ba\/ukctuzla\/index.php?rest_route=%2Fwp%2Fv2%2Ftags&post=9398"}],"curies":[{"name":"wp","href":"https:\/\/api.w.org\/{rel}","templated":true}]}}