{"id":985,"date":"2014-11-17T13:00:10","date_gmt":"2014-11-17T13:00:10","guid":{"rendered":"http:\/\/10.0.0.65\/ukctuzla3\/?p=985"},"modified":"2014-11-17T13:00:10","modified_gmt":"2014-11-17T13:00:10","slug":"odrzan-iii-pulmoloski-simpozij","status":"publish","type":"post","link":"https:\/\/www.ukctuzla.ba\/ukctuzla\/?p=985&lang=bs","title":{"rendered":"Odr\u017ean III Pulmolo\u0161ki simpozij"},"content":{"rendered":"<p style=\"text-align: justify;\"><a href=\"images\/stories\/ukc\/vijesti\/2014\/NOVEMBAR\/17.jpg\" target=\"_blank\"><img loading=\"lazy\" decoding=\"async\" src=\"images\/stories\/ukc\/vijesti\/2014\/NOVEMBAR\/17m.jpg\" border=\"0\" width=\"200\" height=\"133\" style=\"float: right; margin: 5px;\" \/><\/a>U petak, 14. novembra 2014. godine odr\u017ean je jednodnevni Pulmolo\u0161ki simpozij u organizaciji Klinike za plu\u0107ne bolesti i Ljekarske komore TK. III Pulmolo\u0161ki simpozij je za cilj imao prikazati rezultate najnovijih istra\u017eivanja i iskustva iz prakse, kao i omogu\u0107iti integraciju razli\u010ditih pristupa i terapijskih procedura. Tokom dvije sesije u kojima je odr\u017eano osam predavanja pneumoftiolozi &#8211; pulmolozi, pedijatri, ljekari porodi\u010dne medicine i medicine rada imali su priliku za razmijenu iskustva i aktuelnih informacija iz oblasti respiratornih oboljenja. Najvi\u0161e pa\u017enje je bilo posve\u0107eno Hroni\u010dnoj opstruktivnoj plu\u0107noj bolesti iz razloga \u0161to se u mjesecu novembaru obilje\u017eava Svjetski dan HOPB-a.<\/p>\n<p>  <!--more-->  <\/p>\n<p style=\"text-align: justify;\">O ovoj temi govorio je doc. dr. Suvad Dedi\u0107, V. D. na\u010delnik Klinike za plu\u0107ne bolesti UKC Tuzla, koji je istakao da na Klinici za plu\u0107ne bolesti trenutno le\u017ei 95 pacijenata, od kojih 30 ima hroni\u010dnu opstruktivnu bolest plu\u0107a. <\/p>\n<p>O Hroni\u010dnoj opstruktivnoj plu\u0107noj bolesti kao profesionalnom oboljenju govorila je prof. dr. Nurka Pranji\u0107. Prema njenim rije\u010dima, hroni\u010dna opstruktivna plu\u0107na bolest u BiH nije priznata kao profesionalno oboljenje, ali je uo\u010deno da je \u010desta pojava kod radnika u industriji koji su u dodiru sa otrovnim \u010desticama, kao \u0161to su rudari, zidari i sl.<\/p>\n<p>O Hroni\u010dnoj opstruktivnoj plu\u0107noj bolesti, sa svog aspekta, govorili su i prof.dr. Azijada Beganli\u0107, prof. dr. Munevera Osmi\u0107 i prof. dr. Ivan Kopitovi\u0107. Na temu &#8220;Novine u multirezistentnoj tuberkulozi&#8221; govorio je prof.dr. Hasan \u017duti\u0107, dok je dr. D\u017eenan Halilovi\u0107, mr. med. sc. predstavio temu &#8220;Opstruktivno-restriktivne plu\u0107ne bolesti: lije\u010denje i zablude uz prikaz slu\u010daja&#8221;. &#8220;Karcinom plu\u0107a&#8221; je tema o kojoj je govorila doc. dr. sc. \u0160efika Umihani\u0107, a ne temu &#8220;Dijagnostika i terapija astme u djece&#8221; govorila je dr. Amela Pa\u0161i\u0107, mr.med.sc.<\/p>\n","protected":false},"excerpt":{"rendered":"<p>U petak, 14. novembra 2014. godine odr\u017ean je jednodnevni Pulmolo\u0161ki simpozij u organizaciji Klinike za plu\u0107ne bolesti i Ljekarske komore TK. III Pulmolo\u0161ki simpozij je za cilj imao prikazati rezultate najnovijih istra\u017eivanja i iskustva iz prakse, kao i omogu\u0107iti integraciju razli\u010ditih pristupa i terapijskih procedura. Tokom dvije sesije u kojima je odr\u017eano osam predavanja pneumoftiolozi&hellip;<\/p>\n","protected":false},"author":1,"featured_media":16294,"comment_status":"closed","ping_status":"open","sticky":false,"template":"","format":"standard","meta":{"footnotes":""},"categories":[54],"tags":[],"class_list":["post-985","post","type-post","status-publish","format-standard","has-post-thumbnail","hentry","category-sample-data-articles","category-54","description-off"],"_links":{"self":[{"href":"https:\/\/www.ukctuzla.ba\/ukctuzla\/index.php?rest_route=\/wp\/v2\/posts\/985","targetHints":{"allow":["GET"]}}],"collection":[{"href":"https:\/\/www.ukctuzla.ba\/ukctuzla\/index.php?rest_route=\/wp\/v2\/posts"}],"about":[{"href":"https:\/\/www.ukctuzla.ba\/ukctuzla\/index.php?rest_route=\/wp\/v2\/types\/post"}],"author":[{"embeddable":true,"href":"https:\/\/www.ukctuzla.ba\/ukctuzla\/index.php?rest_route=\/wp\/v2\/users\/1"}],"replies":[{"embeddable":true,"href":"https:\/\/www.ukctuzla.ba\/ukctuzla\/index.php?rest_route=%2Fwp%2Fv2%2Fcomments&post=985"}],"version-history":[{"count":0,"href":"https:\/\/www.ukctuzla.ba\/ukctuzla\/index.php?rest_route=\/wp\/v2\/posts\/985\/revisions"}],"wp:featuredmedia":[{"embeddable":true,"href":"https:\/\/www.ukctuzla.ba\/ukctuzla\/index.php?rest_route=\/wp\/v2\/media\/16294"}],"wp:attachment":[{"href":"https:\/\/www.ukctuzla.ba\/ukctuzla\/index.php?rest_route=%2Fwp%2Fv2%2Fmedia&parent=985"}],"wp:term":[{"taxonomy":"category","embeddable":true,"href":"https:\/\/www.ukctuzla.ba\/ukctuzla\/index.php?rest_route=%2Fwp%2Fv2%2Fcategories&post=985"},{"taxonomy":"post_tag","embeddable":true,"href":"https:\/\/www.ukctuzla.ba\/ukctuzla\/index.php?rest_route=%2Fwp%2Fv2%2Ftags&post=985"}],"curies":[{"name":"wp","href":"https:\/\/api.w.org\/{rel}","templated":true}]}}