{"id":9961,"date":"2020-11-24T12:28:41","date_gmt":"2020-11-24T11:28:41","guid":{"rendered":"http:\/\/www.ukctuzla.ba\/ukctuzla\/?p=9961"},"modified":"2020-11-24T12:31:01","modified_gmt":"2020-11-24T11:31:01","slug":"u-povodu-dana-drzavnosti-polozeno-cvijece-na-spomen-obiljezje-jzu-ukc-tuzla","status":"publish","type":"post","link":"https:\/\/www.ukctuzla.ba\/ukctuzla\/?p=9961&lang=bs","title":{"rendered":"U povodu Dana dr\u017eavnosti polo\u017eeno cvije\u0107e na spomen obilje\u017eje JZU UKC Tuzla"},"content":{"rendered":"<p><a href=\"https:\/\/www.ukctuzla.ba\/ukctuzla\/wp-content\/uploads\/2020\/11\/IMG_20201124_10562424112020.jpg\"><img loading=\"lazy\" decoding=\"async\" class=\"size-medium wp-image-9966 alignright\" src=\"https:\/\/www.ukctuzla.ba\/ukctuzla\/wp-content\/uploads\/2020\/11\/IMG_20201124_10562424112020-300x169.jpg\" alt=\"\" width=\"300\" height=\"169\" srcset=\"https:\/\/www.ukctuzla.ba\/ukctuzla\/wp-content\/uploads\/2020\/11\/IMG_20201124_10562424112020-300x169.jpg 300w, https:\/\/www.ukctuzla.ba\/ukctuzla\/wp-content\/uploads\/2020\/11\/IMG_20201124_10562424112020-768x432.jpg 768w, https:\/\/www.ukctuzla.ba\/ukctuzla\/wp-content\/uploads\/2020\/11\/IMG_20201124_10562424112020.jpg 1000w\" sizes=\"auto, (max-width: 300px) 100vw, 300px\" \/><\/a>Univerzitetski klini\u010dki centar Tuzla obilje\u017eio je Dan dr\u017eavnosti Bosne i Hercegovine. Delegacija Univerzitetskog klini\u010dkog centra Tuzla i Udru\u017eenja boraca Javnih zdravstvenih ustanova Tuzlanskog kantona, polo\u017eili su cvije\u0107e na spomen obilje\u017eje u krugu Univerzitetskog klini\u010dkog centra Tuzla.<\/p>\n<p>Prof. dr. Vahid Jusufovi\u0107, direktor UKC Tuzla uputio je \u010destitku u povodu Dana dr\u017eavnosti svim gra\u0111anima i zaposlenicima UKC Tuzla, te istakao da obilje\u017eavanje 25. novembra predstavlja obavezu o\u010duvanja dr\u017eavnosti i historijskog kontinuiteta Bosne i Hercegovine i njene antifa\u0161isti\u010dke tradicije.<br \/>\n&#8220;Obilje\u017eavanjem ovog datuma podsje\u0107amo se na 1943. godinu i Prvo zasjedanje ZAVNOBiH-a kada je na\u0161a domovina utemeljena kao dr\u017eava njenih gra\u0111ana i ravnopravnih naroda \u010dime je potvr\u0111en kontinuitet dr\u017eavnosti Bosne i Hercegovine&#8221;, istakao je ovom prilikom direktor, Vahid Jusufovi\u0107.<\/p>\n","protected":false},"excerpt":{"rendered":"<p>Univerzitetski klini\u010dki centar Tuzla obilje\u017eio je Dan dr\u017eavnosti Bosne i Hercegovine. Delegacija Univerzitetskog klini\u010dkog centra Tuzla i Udru\u017eenja boraca Javnih zdravstvenih ustanova Tuzlanskog kantona, polo\u017eili su cvije\u0107e na spomen obilje\u017eje u krugu Univerzitetskog klini\u010dkog centra Tuzla. Prof. dr. Vahid Jusufovi\u0107, direktor UKC Tuzla uputio je \u010destitku u povodu Dana dr\u017eavnosti svim gra\u0111anima i zaposlenicima UKC&hellip;<\/p>\n","protected":false},"author":2,"featured_media":9964,"comment_status":"closed","ping_status":"open","sticky":false,"template":"","format":"standard","meta":{"footnotes":""},"categories":[11],"tags":[],"class_list":["post-9961","post","type-post","status-publish","format-standard","has-post-thumbnail","hentry","category-vijesti","category-11","description-off"],"_links":{"self":[{"href":"https:\/\/www.ukctuzla.ba\/ukctuzla\/index.php?rest_route=\/wp\/v2\/posts\/9961","targetHints":{"allow":["GET"]}}],"collection":[{"href":"https:\/\/www.ukctuzla.ba\/ukctuzla\/index.php?rest_route=\/wp\/v2\/posts"}],"about":[{"href":"https:\/\/www.ukctuzla.ba\/ukctuzla\/index.php?rest_route=\/wp\/v2\/types\/post"}],"author":[{"embeddable":true,"href":"https:\/\/www.ukctuzla.ba\/ukctuzla\/index.php?rest_route=\/wp\/v2\/users\/2"}],"replies":[{"embeddable":true,"href":"https:\/\/www.ukctuzla.ba\/ukctuzla\/index.php?rest_route=%2Fwp%2Fv2%2Fcomments&post=9961"}],"version-history":[{"count":3,"href":"https:\/\/www.ukctuzla.ba\/ukctuzla\/index.php?rest_route=\/wp\/v2\/posts\/9961\/revisions"}],"predecessor-version":[{"id":9968,"href":"https:\/\/www.ukctuzla.ba\/ukctuzla\/index.php?rest_route=\/wp\/v2\/posts\/9961\/revisions\/9968"}],"wp:featuredmedia":[{"embeddable":true,"href":"https:\/\/www.ukctuzla.ba\/ukctuzla\/index.php?rest_route=\/wp\/v2\/media\/9964"}],"wp:attachment":[{"href":"https:\/\/www.ukctuzla.ba\/ukctuzla\/index.php?rest_route=%2Fwp%2Fv2%2Fmedia&parent=9961"}],"wp:term":[{"taxonomy":"category","embeddable":true,"href":"https:\/\/www.ukctuzla.ba\/ukctuzla\/index.php?rest_route=%2Fwp%2Fv2%2Fcategories&post=9961"},{"taxonomy":"post_tag","embeddable":true,"href":"https:\/\/www.ukctuzla.ba\/ukctuzla\/index.php?rest_route=%2Fwp%2Fv2%2Ftags&post=9961"}],"curies":[{"name":"wp","href":"https:\/\/api.w.org\/{rel}","templated":true}]}}